{"id":104,"date":"2024-03-20T14:12:20","date_gmt":"2024-03-20T13:12:20","guid":{"rendered":"https:\/\/www.agrothermal.sk\/?p=104"},"modified":"2024-03-20T14:17:34","modified_gmt":"2024-03-20T13:17:34","slug":"vrbicke-pleso","status":"publish","type":"post","link":"https:\/\/www.agrothermal.sk\/?p=104","title":{"rendered":"Vrbick\u00e9 pleso"},"content":{"rendered":"\n<p>GPS:\u00a0<a href=\"javascript:void(0)\">48.97013, 19.5772<\/a><\/p>\n\n\n\n<p>Prekr\u00e1sne prostredie Dem\u00e4novskej doliny v N\u00edzkych Tatr\u00e1ch ako ligotav\u00fd diamant dotv\u00e1ra aj <strong>pr\u00edrodn\u00e1 pamiatka Vrbick\u00e9 pleso<\/strong>.<\/p>\n\n\n\n<p>Je <strong>najv\u00e4\u010d\u0161\u00edm pr\u00edrodn\u00fdm jazerom<\/strong> v N\u00edzkych Tatr\u00e1ch le\u017eiacim <em>vo v\u00fd\u0161ke 1 113 m n. m<\/em>. Toto \u013eadovcov\u00e9 pleso vzniklo zahraden\u00edm \u00fadolia mor\u00e9nou a jeho <strong>najv\u00e4\u010d\u0161ia h\u013abka dosahuje 8 metrov<\/strong>.<\/p>\n\n\n\n<p>Okolo cel\u00e9ho plesa vedie <strong>pr\u00edjemn\u00fd turistick\u00fd chodn\u00edk<\/strong> s d\u013a\u017ekou pribli\u017ene 20 min\u00fat. Chodn\u00edk pon\u00faka n\u00e1dhern\u00e9 fotogenick\u00e9 poh\u013eady na pleso a jeho horsk\u00e9 okolie. Nach\u00e1dzaj\u00fa sa tu aj <strong>informa\u010dn\u00e9 tabule<\/strong>, ktor\u00e9 informuj\u00fa turistov o rozmanitej fl\u00f3re a vzniku plesa.<\/p>\n\n\n\n<p>Okolie plesa je spestren\u00e9 aj <strong>dreven\u00fdmi lavi\u010dkami<\/strong>, \u010di <strong>alt\u00e1nkami<\/strong>, kde si m\u00f4\u017eete posedie\u0165 a neru\u0161ene sa kocha\u0165 n\u00e1dhernou pr\u00edrodou. Deti ur\u010dite pote\u0161\u00ed <strong>detsk\u00e9 ihrisko<\/strong>.<\/p>\n\n\n\n<p>Pre v\u0161etk\u00fdch vysokohorsk\u00fdch nad\u0161encov turistiky predstavuje Vrbick\u00e9 pleso <strong>vynikaj\u00faci v\u00fdchodiskov\u00fd bod viacer\u00fdch turistick\u00fdch tr\u00e1s<\/strong>, v\u00fdstupov na vrcholy \u010di \u010fal\u0161ie zauj\u00edmav\u00e9 v\u00fdlety.<\/p>\n\n\n\n<p>Ak sa sem vyberiete autom, <strong>zaparkova\u0165 ho m\u00f4\u017eete pri hotely Po\u0161ta<\/strong>. Z parkoviska je to k Vrbick\u00e9mu plesu asi len <strong>200 metrov po \u017eltej turistickej zna\u010dke<\/strong>.<\/p>\n\n\n\n<figure class=\"wp-block-gallery has-nested-images columns-default is-cropped wp-block-gallery-1 is-layout-flex wp-block-gallery-is-layout-flex\">\n<figure class=\"wp-block-image size-large\"><img loading=\"lazy\" decoding=\"async\" width=\"1024\" height=\"768\" data-id=\"105\" src=\"https:\/\/www.agrothermal.sk\/wp-content\/uploads\/2024\/03\/3114.jpg\" alt=\"\" class=\"wp-image-105\" srcset=\"https:\/\/www.agrothermal.sk\/wp-content\/uploads\/2024\/03\/3114.jpg 1024w, https:\/\/www.agrothermal.sk\/wp-content\/uploads\/2024\/03\/3114-300x225.jpg 300w, https:\/\/www.agrothermal.sk\/wp-content\/uploads\/2024\/03\/3114-768x576.jpg 768w\" sizes=\"(max-width: 767px) 89vw, (max-width: 1000px) 54vw, (max-width: 1071px) 543px, 580px\" \/><\/figure>\n\n\n\n<figure class=\"wp-block-image size-large\"><img loading=\"lazy\" decoding=\"async\" width=\"1008\" height=\"756\" data-id=\"106\" src=\"https:\/\/www.agrothermal.sk\/wp-content\/uploads\/2024\/03\/C4155776-0D44-4D03-A3D7-26FE2E0320B1.jpeg\" alt=\"\" class=\"wp-image-106\" srcset=\"https:\/\/www.agrothermal.sk\/wp-content\/uploads\/2024\/03\/C4155776-0D44-4D03-A3D7-26FE2E0320B1.jpeg 1008w, https:\/\/www.agrothermal.sk\/wp-content\/uploads\/2024\/03\/C4155776-0D44-4D03-A3D7-26FE2E0320B1-300x225.jpeg 300w, https:\/\/www.agrothermal.sk\/wp-content\/uploads\/2024\/03\/C4155776-0D44-4D03-A3D7-26FE2E0320B1-768x576.jpeg 768w\" sizes=\"(max-width: 767px) 89vw, (max-width: 1000px) 54vw, (max-width: 1071px) 543px, 580px\" \/><\/figure>\n\n\n\n<figure class=\"wp-block-image size-large\"><img loading=\"lazy\" decoding=\"async\" width=\"711\" height=\"533\" data-id=\"107\" src=\"https:\/\/www.agrothermal.sk\/wp-content\/uploads\/2024\/03\/1851.jpg\" alt=\"\" class=\"wp-image-107\" srcset=\"https:\/\/www.agrothermal.sk\/wp-content\/uploads\/2024\/03\/1851.jpg 711w, https:\/\/www.agrothermal.sk\/wp-content\/uploads\/2024\/03\/1851-300x225.jpg 300w\" sizes=\"(max-width: 711px) 100vw, 711px\" \/><\/figure>\n\n\n\n<figure class=\"wp-block-image size-large\"><img loading=\"lazy\" decoding=\"async\" width=\"1008\" height=\"756\" data-id=\"112\" src=\"https:\/\/www.agrothermal.sk\/wp-content\/uploads\/2024\/03\/7862656C-AF4A-4005-899C-AC02E6EC6F74.jpeg\" alt=\"\" class=\"wp-image-112\" srcset=\"https:\/\/www.agrothermal.sk\/wp-content\/uploads\/2024\/03\/7862656C-AF4A-4005-899C-AC02E6EC6F74.jpeg 1008w, https:\/\/www.agrothermal.sk\/wp-content\/uploads\/2024\/03\/7862656C-AF4A-4005-899C-AC02E6EC6F74-300x225.jpeg 300w, https:\/\/www.agrothermal.sk\/wp-content\/uploads\/2024\/03\/7862656C-AF4A-4005-899C-AC02E6EC6F74-768x576.jpeg 768w\" sizes=\"(max-width: 767px) 89vw, (max-width: 1000px) 54vw, (max-width: 1071px) 543px, 580px\" \/><\/figure>\n\n\n\n<figure class=\"wp-block-image size-large\"><img loading=\"lazy\" decoding=\"async\" width=\"1008\" height=\"756\" data-id=\"113\" src=\"https:\/\/www.agrothermal.sk\/wp-content\/uploads\/2024\/03\/EBEAAF95-E286-4B49-ABB9-65C13BD0258F.jpeg\" alt=\"\" class=\"wp-image-113\" srcset=\"https:\/\/www.agrothermal.sk\/wp-content\/uploads\/2024\/03\/EBEAAF95-E286-4B49-ABB9-65C13BD0258F.jpeg 1008w, https:\/\/www.agrothermal.sk\/wp-content\/uploads\/2024\/03\/EBEAAF95-E286-4B49-ABB9-65C13BD0258F-300x225.jpeg 300w, https:\/\/www.agrothermal.sk\/wp-content\/uploads\/2024\/03\/EBEAAF95-E286-4B49-ABB9-65C13BD0258F-768x576.jpeg 768w\" sizes=\"(max-width: 767px) 89vw, (max-width: 1000px) 54vw, (max-width: 1071px) 543px, 580px\" \/><\/figure>\n<\/figure>\n","protected":false},"excerpt":{"rendered":"<p>GPS:\u00a048.97013, 19.5772 Prekr\u00e1sne prostredie Dem\u00e4novskej doliny v N\u00edzkych Tatr\u00e1ch ako ligotav\u00fd diamant dotv\u00e1ra aj pr\u00edrodn\u00e1 pamiatka Vrbick\u00e9 pleso. Je najv\u00e4\u010d\u0161\u00edm pr\u00edrodn\u00fdm jazerom v N\u00edzkych Tatr\u00e1ch le\u017eiacim vo v\u00fd\u0161ke 1 113 m n. m. Toto \u013eadovcov\u00e9 pleso vzniklo zahraden\u00edm \u00fadolia mor\u00e9nou a jeho najv\u00e4\u010d\u0161ia h\u013abka dosahuje 8 metrov. Okolo cel\u00e9ho plesa vedie pr\u00edjemn\u00fd turistick\u00fd chodn\u00edk s &hellip; <\/p>\n<p class=\"link-more\"><a href=\"https:\/\/www.agrothermal.sk\/?p=104\" class=\"more-link\">Pokra\u010dova\u0165 v \u010d\u00edtan\u00ed<span class=\"screen-reader-text\"> &#8222;Vrbick\u00e9 pleso&#8220;<\/span><\/a><\/p>\n","protected":false},"author":1,"featured_media":0,"comment_status":"open","ping_status":"open","sticky":false,"template":"","format":"standard","meta":{"footnotes":""},"categories":[1],"tags":[],"_links":{"self":[{"href":"https:\/\/www.agrothermal.sk\/index.php?rest_route=\/wp\/v2\/posts\/104"}],"collection":[{"href":"https:\/\/www.agrothermal.sk\/index.php?rest_route=\/wp\/v2\/posts"}],"about":[{"href":"https:\/\/www.agrothermal.sk\/index.php?rest_route=\/wp\/v2\/types\/post"}],"author":[{"embeddable":true,"href":"https:\/\/www.agrothermal.sk\/index.php?rest_route=\/wp\/v2\/users\/1"}],"replies":[{"embeddable":true,"href":"https:\/\/www.agrothermal.sk\/index.php?rest_route=%2Fwp%2Fv2%2Fcomments&post=104"}],"version-history":[{"count":5,"href":"https:\/\/www.agrothermal.sk\/index.php?rest_route=\/wp\/v2\/posts\/104\/revisions"}],"predecessor-version":[{"id":114,"href":"https:\/\/www.agrothermal.sk\/index.php?rest_route=\/wp\/v2\/posts\/104\/revisions\/114"}],"wp:attachment":[{"href":"https:\/\/www.agrothermal.sk\/index.php?rest_route=%2Fwp%2Fv2%2Fmedia&parent=104"}],"wp:term":[{"taxonomy":"category","embeddable":true,"href":"https:\/\/www.agrothermal.sk\/index.php?rest_route=%2Fwp%2Fv2%2Fcategories&post=104"},{"taxonomy":"post_tag","embeddable":true,"href":"https:\/\/www.agrothermal.sk\/index.php?rest_route=%2Fwp%2Fv2%2Ftags&post=104"}],"curies":[{"name":"wp","href":"https:\/\/api.w.org\/{rel}","templated":true}]}}